{"id":726,"date":"2015-04-25T16:18:38","date_gmt":"2015-04-25T14:18:38","guid":{"rendered":"http:\/\/spidernetz.at\/wordpress\/?p=726"},"modified":"2015-06-01T11:33:48","modified_gmt":"2015-06-01T09:33:48","slug":"in-unserem-garten-mit-kueken-und-froeschen","status":"publish","type":"post","link":"https:\/\/spidernetz.at\/?p=726","title":{"rendered":"In unserem Garten &#8211; mit K\u00fcken und Fr\u00f6schen"},"content":{"rendered":"<h4>Laurin hat heute wieder seine K\u00fcken mit in den Garten genommen und ein bisschen herumlaufen lassen! Jetzt sind sie schon ein St\u00fcck gewachsen, aber noch immer lieb! \ud83d\ude42<br \/>\nUnd der Frosch bei Simons Teich hat sich mir als Fotomodell zur Verf\u00fcgung gestellt&#8230;<a href=\"http:\/\/www.spidernetz.at\/Fotoalbum\/2015\/15-04-25_Garten_Kueken_Frosch\/\" target=\"_blank\"><img loading=\"lazy\" decoding=\"async\" class=\"alignleft wp-image-727 size-full\" src=\"https:\/\/spidernetz.at\/wordpress\/wp-content\/uploads\/2015\/04\/garten1.jpg\" alt=\"\" width=\"801\" height=\"240\" srcset=\"https:\/\/spidernetz.at\/wordpress\/wp-content\/uploads\/2015\/04\/garten1.jpg 801w, https:\/\/spidernetz.at\/wordpress\/wp-content\/uploads\/2015\/04\/garten1-300x90.jpg 300w\" sizes=\"auto, (max-width: 801px) 100vw, 801px\" \/><\/a><\/h4>\n<div id=\"attachment_728\" style=\"width: 801px\" class=\"wp-caption alignleft\"><a href=\"http:\/\/www.spidernetz.at\/Fotoalbum\/2015\/15-04-25_Garten_Kueken_Frosch\/\" target=\"_blank\"><img loading=\"lazy\" decoding=\"async\" aria-describedby=\"caption-attachment-728\" class=\"wp-image-728 size-full\" src=\"https:\/\/spidernetz.at\/wordpress\/wp-content\/uploads\/2015\/04\/garten2.jpg\" alt=\"\" width=\"801\" height=\"403\" srcset=\"https:\/\/spidernetz.at\/wordpress\/wp-content\/uploads\/2015\/04\/garten2.jpg 801w, https:\/\/spidernetz.at\/wordpress\/wp-content\/uploads\/2015\/04\/garten2-300x151.jpg 300w\" sizes=\"auto, (max-width: 801px) 100vw, 801px\" \/><\/a><p id=\"caption-attachment-728\" class=\"wp-caption-text\">hier geht\u00b4s zu den Fotos&#8230;<\/p><\/div>\n<p>&nbsp;<\/p>\n","protected":false},"excerpt":{"rendered":"<p>Laurin hat heute wieder seine K\u00fcken mit in den Garten genommen und ein bisschen herumlaufen lassen! Jetzt sind sie schon ein St\u00fcck gewachsen, aber noch immer lieb! \ud83d\ude42 Und der Frosch bei Simons Teich hat sich mir als Fotomodell zur Verf\u00fcgung gestellt&#8230; &nbsp;<\/p>\n","protected":false},"author":1,"featured_media":727,"comment_status":"open","ping_status":"open","sticky":false,"template":"","format":"standard","meta":{"_jetpack_memberships_contains_paid_content":false,"footnotes":""},"categories":[1,25,55,52,54,53,60],"tags":[],"class_list":["post-726","post","type-post","status-publish","format-standard","has-post-thumbnail","hentry","category-allgemein","category-haus-garten","category-juergen-2","category-laurin-2","category-niki-2","category-quentin-2","category-simon","nodate","item-wrap"],"jetpack_featured_media_url":"https:\/\/spidernetz.at\/wordpress\/wp-content\/uploads\/2015\/04\/garten1.jpg","jetpack_sharing_enabled":true,"_links":{"self":[{"href":"https:\/\/spidernetz.at\/index.php?rest_route=\/wp\/v2\/posts\/726","targetHints":{"allow":["GET"]}}],"collection":[{"href":"https:\/\/spidernetz.at\/index.php?rest_route=\/wp\/v2\/posts"}],"about":[{"href":"https:\/\/spidernetz.at\/index.php?rest_route=\/wp\/v2\/types\/post"}],"author":[{"embeddable":true,"href":"https:\/\/spidernetz.at\/index.php?rest_route=\/wp\/v2\/users\/1"}],"replies":[{"embeddable":true,"href":"https:\/\/spidernetz.at\/index.php?rest_route=%2Fwp%2Fv2%2Fcomments&post=726"}],"version-history":[{"count":2,"href":"https:\/\/spidernetz.at\/index.php?rest_route=\/wp\/v2\/posts\/726\/revisions"}],"predecessor-version":[{"id":764,"href":"https:\/\/spidernetz.at\/index.php?rest_route=\/wp\/v2\/posts\/726\/revisions\/764"}],"wp:featuredmedia":[{"embeddable":true,"href":"https:\/\/spidernetz.at\/index.php?rest_route=\/wp\/v2\/media\/727"}],"wp:attachment":[{"href":"https:\/\/spidernetz.at\/index.php?rest_route=%2Fwp%2Fv2%2Fmedia&parent=726"}],"wp:term":[{"taxonomy":"category","embeddable":true,"href":"https:\/\/spidernetz.at\/index.php?rest_route=%2Fwp%2Fv2%2Fcategories&post=726"},{"taxonomy":"post_tag","embeddable":true,"href":"https:\/\/spidernetz.at\/index.php?rest_route=%2Fwp%2Fv2%2Ftags&post=726"}],"curies":[{"name":"wp","href":"https:\/\/api.w.org\/{rel}","templated":true}]}}